[{"@context":"https:\/\/schema.org\/","@type":"Article","@id":"https:\/\/www.rbv.sk\/stromcek-bez-svetielok-akoby-ani-nebol\/#Article","mainEntityOfPage":"https:\/\/www.rbv.sk\/stromcek-bez-svetielok-akoby-ani-nebol\/","headline":"Strom\u010dek bez svetielok akoby ani nebol","name":"Strom\u010dek bez svetielok akoby ani nebol","description":"Jedine\u010dn\u00fd duch viano\u010dn\u00fdch sviatkov sa nezadr\u017eate\u013ene bl\u00ed\u017ei a pomaly za\u010d\u00ednaj\u00fa pr\u00edpravy na toto prekr\u00e1sne a pokojn\u00e9 obdobie, ktor\u00e9 si po celom roku v\u0161etci bezpochybne zasl\u00fa\u017eime. \u010co sa V\u00e1m vybav\u00ed ako prv\u00e9, ke\u010f sa povie \u201eVianoce\u201c? V\u00e4\u010d\u0161ine asi ten najz\u00e1kladnej\u0161\u00ed prvok Vianoc, bez ktor\u00e9ho by nikdy neboli t\u00fdm prav\u00fdm sviatkom a nie je n\u00edm ni\u010d in\u00e9 [&hellip;]","datePublished":"2022-10-24","dateModified":"2022-10-24","author":{"@type":"Person","@id":"https:\/\/www.rbv.sk\/author\/#Person","name":"","url":"https:\/\/www.rbv.sk\/author\/","identifier":1,"image":{"@type":"ImageObject","@id":"https:\/\/secure.gravatar.com\/avatar\/48db5b3634ed7a3f1f89bca90f0a2521b0bb3970d57e3653d258d10b0f31fdf3?s=96&d=mm&r=g","url":"https:\/\/secure.gravatar.com\/avatar\/48db5b3634ed7a3f1f89bca90f0a2521b0bb3970d57e3653d258d10b0f31fdf3?s=96&d=mm&r=g","height":96,"width":96}},"publisher":{"@type":"Organization","name":"rbv.sk","logo":{"@type":"ImageObject","@id":"\/logo.png","url":"\/logo.png","width":600,"height":60}},"image":{"@type":"ImageObject","@id":"https:\/\/www.rbv.sk\/wp-content\/uploads\/christmas-tree-2928142__340.jpg","url":"https:\/\/www.rbv.sk\/wp-content\/uploads\/christmas-tree-2928142__340.jpg","height":0,"width":0},"url":"https:\/\/www.rbv.sk\/stromcek-bez-svetielok-akoby-ani-nebol\/","wordCount":408,"articleBody":"   Jedine\u010dn\u00fd duch viano\u010dn\u00fdch sviatkov sa nezadr\u017eate\u013ene bl\u00ed\u017ei a pomaly za\u010d\u00ednaj\u00fa pr\u00edpravy na toto prekr\u00e1sne a pokojn\u00e9 obdobie, ktor\u00e9 si po celom roku v\u0161etci bezpochybne zasl\u00fa\u017eime. \u010co sa V\u00e1m vybav\u00ed ako prv\u00e9, ke\u010f sa povie \u201eVianoce\u201c? V\u00e4\u010d\u0161ine asi ten najz\u00e1kladnej\u0161\u00ed prvok Vianoc, bez ktor\u00e9ho by nikdy neboli t\u00fdm prav\u00fdm sviatkom a nie je n\u00edm ni\u010d in\u00e9 ako viano\u010dn\u00fd strom\u010dek. Viano\u010dn\u00fd strom\u010dek v n\u00e1s vyvol\u00e1va pocit tepla, viano\u010dn\u00fd strom\u010dek v n\u00e1s vyvol\u00e1va rados\u0165 a bez neho by Vianoce nikdy Vianocami neboli. \u010co sa t\u00fdka jeho v\u00fdzdoby, ka\u017ed\u00fd z n\u00e1s m\u00e1 vlastn\u00fd vkus pod\u013ea ktor\u00e9ho prisp\u00f4sobuje jeho v\u00fdzdobu, \u010dastokr\u00e1t farby ozd\u00f4b prisp\u00f4sobujeme ostatnej v\u00fdzdobe tak aby spolu kr\u00e1sne ladili, niekto m\u00e1 r\u00e1d v\u00fdzdobu \u010do najviac farebn\u00fa, in\u00ed zase nedaj\u00fa dopusti\u0165 na kombin\u00e1ciu maxim\u00e1lne dvoch farieb, ale bez viano\u010dn\u00fdch svetielok sa nezaob\u00edde \u017eiadny strom\u010dek. Viano\u010dn\u00e9 svetielka mu vd\u00fdchnu \u017eivot, ozdoby sa v\u010faka nim kr\u00e1sne leskn\u00fa a vytv\u00e1raj\u00fa okolo seba \u010darovn\u00fa atmosf\u00e9ru, ktor\u00fa si nekone\u010dne u\u017e\u00edvame. Zasvieten\u00fd viano\u010dn\u00fd strom\u010dek kra\u013euje celej ob\u00fdva\u010dke po\u010das cel\u00fdch sviatkov a s\u00fa to pr\u00e1ve svetielka, ktor\u00e9 ho robia tak n\u00e1dhern\u00fdm, bez nich by bol ve\u013emi f\u00e1dny. Veselevianoce.sk V\u00e1m prin\u00e1\u0161aj\u00fa \u0161irok\u00fa \u0161k\u00e1lu farebn\u00fdch LED sveteln\u00fdch re\u0165az\u00ed na viano\u010dn\u00fd strom\u010dek s mimoriadne vysokou svietivos\u0165ou, ktor\u00e9 maj\u00fa v\u010faka technol\u00f3gii LED tak n\u00edzku spotrebu, \u017ee ich m\u00f4\u017eete necha\u0165 na strom\u010deku svieti\u0165 pokojne hoci aj cel\u00e9 viano\u010dn\u00e9 sviatky. Vybra\u0165 si m\u00f4\u017eete z r\u00f4znych farieb svetielok tak\u017ee ak m\u00e1te nejak\u00fa ob\u013e\u00faben\u00fa, u n\u00e1s ju ur\u010dite n\u00e1jdete. \u010co pote\u0161\u00ed e\u0161te viac, na v\u00fdber m\u00e1te aj z r\u00f4znych d\u013a\u017eok, vybra\u0165 si tak m\u00f4\u017eete presne tak\u00fa ak\u00e1 V\u00e1m vyhovuje najviac. Na\u0161e LED re\u0165aze na strom\u010dek Veselevianoce maj\u00fa e\u0161te jednu obrovsk\u00fa v\u00fdhodu, pre ktor\u00fa s\u00fa tak mimoriadne ob\u013e\u00faben\u00e9 \u2013 s\u00fa pou\u017eite\u013en\u00e9 nielen v interi\u00e9ri, ale aj v exteri\u00e9rov\u00fdch priestoroch tak\u017ee si nimi m\u00f4\u017eete bez ob\u00e1v vyzdobi\u0165 aj vonkaj\u0161ie priestory ktor\u00e9 n\u00e1dhern\u00e9 pre\u017eiaria.                                                                                                                                                                                                                                                                                                                                                                                                   "},{"@context":"https:\/\/schema.org\/","@type":"BreadcrumbList","itemListElement":[{"@type":"ListItem","position":1,"name":"Strom\u010dek bez svetielok akoby ani nebol","item":"https:\/\/www.rbv.sk\/stromcek-bez-svetielok-akoby-ani-nebol\/#breadcrumbitem"}]}]